{"id":8622,"date":"2019-10-02T18:05:16","date_gmt":"2019-10-02T16:05:16","guid":{"rendered":"https:\/\/corporate-idkids-com.azurewebsites.net\/toute-la-communaute-idkids-celebre-les-30-ans-de-la-convention-internationale-des-droits-de-lenfant\/"},"modified":"2019-12-04T15:43:44","modified_gmt":"2019-12-04T14:43:44","slug":"toute-la-communaute-idkids-celebre-les-30-ans-de-la-convention-internationale-des-droits-de-lenfant","status":"publish","type":"post","link":"https:\/\/corporate.idkids.com\/en\/toute-la-communaute-idkids-celebre-les-30-ans-de-la-convention-internationale-des-droits-de-lenfant\/","title":{"rendered":"\u00cfDKIDS celebrates 30 years of the UN Convention on the Rights of the Child"},"content":{"rendered":"\n<p><strong>Driven for the past 20 years by its commitment to make a better world for growing children, this year \u00cfDKIDS and its brands celebrate the adoption by the <a href=\"https:\/\/www.ohchr.org\/en\/professionalinterest\/pages\/crc.aspx\">UN General Assembly of the Convention on the Rights of the Child<\/a> 30 years ago on 20 November 1989. <\/strong><\/p>\n\n\n\n<p>The convention&#8217;s 54 articles set out the\ncivil, economic, social and cultural rights of children. To date it is the most\nswiftly-adopted international human rights text in history. On 2 September 1990\nit was ratified by 20 states, thus coming into force as an international\ntreaty. <\/p>\n\n\n\n<p>This milestone has special significance for <a href=\"https:\/\/corporate.idkids.com\/en\/brand\/okaidi\/\">Oka\u00efdi<\/a> as the \u00cfDKIDS group&#8217;s founding and leading brand. Since its inception in 1996, Oka\u00efdi has striven to get children learning and growing through twelve values represented by twelve icons inspired by the UN Convention on the Rights of the Child. <\/p>\n\n\n\n<p>Its goal is for children to be\nself-motivated, happy and responsible. <\/p>\n\n\n\n<figure class=\"wp-block-image\"><img loading=\"lazy\" decoding=\"async\" width=\"1024\" height=\"213\" src=\"https:\/\/corporate.idkids.com\/wp-content\/uploads\/2019\/10\/ok-droits-de-l-enfant-1024x213.jpg\" alt=\"\" class=\"wp-image-8142\" srcset=\"https:\/\/corporate.idkids.com\/wp-content\/uploads\/2019\/10\/ok-droits-de-l-enfant-1024x213.jpg 1024w, https:\/\/corporate.idkids.com\/wp-content\/uploads\/2019\/10\/ok-droits-de-l-enfant-300x62.jpg 300w, https:\/\/corporate.idkids.com\/wp-content\/uploads\/2019\/10\/ok-droits-de-l-enfant-768x160.jpg 768w, https:\/\/corporate.idkids.com\/wp-content\/uploads\/2019\/10\/ok-droits-de-l-enfant-305x64.jpg 305w, https:\/\/corporate.idkids.com\/wp-content\/uploads\/2019\/10\/ok-droits-de-l-enfant-102x21.jpg 102w, https:\/\/corporate.idkids.com\/wp-content\/uploads\/2019\/10\/ok-droits-de-l-enfant-274x57.jpg 274w\" sizes=\"(max-width: 1024px) 100vw, 1024px\" \/><\/figure>\n\n\n\n<p>In the weeks leading up to 20 November 2019, Oka\u00efdi customers, parents and children alike, will be able to show their support for children&#8217;s rights. Fun and games are definitely on the agenda, so watch this space! <\/p>\n","protected":false},"excerpt":{"rendered":"<p>Anim\u00e9 depuis plus de 20 ans par l\u2019engagement d\u2019agir pour que le monde progresse au service de l\u2019enfant qui grandit, le groupe \u00cfDKIDS c\u00e9l\u00e8bre avec ses marques le 30\u00e8me anniversaire de l\u2019adoption par l\u2019Assembl\u00e9e G\u00e9n\u00e9rale de l\u2019ONU (Organisation des Nations Unies) de la Convention internationale des droits de l\u2019enfant le 20 novembre 1989. <\/p>\n","protected":false},"author":11,"featured_media":8145,"comment_status":"open","ping_status":"open","sticky":false,"template":"","format":"standard","meta":{"_acf_changed":false,"footnotes":""},"categories":[201,182,190,193,168],"tags":[600,607,606,602,220,170,263],"acf":[],"yoast_head":"<!-- This site is optimized with the Yoast SEO plugin v22.8 - https:\/\/yoast.com\/wordpress\/plugins\/seo\/ -->\n<title>\u00cfDKIDS celebrates 30 years of the UN Convention on the Rights of the Child - \u00cfDKIDS.COMMUNITY<\/title>\n<meta name=\"robots\" content=\"index, follow, max-snippet:-1, max-image-preview:large, max-video-preview:-1\" \/>\n<link rel=\"canonical\" href=\"https:\/\/corporate.idkids.com\/en\/toute-la-communaute-idkids-celebre-les-30-ans-de-la-convention-internationale-des-droits-de-lenfant\/\" \/>\n<meta property=\"og:locale\" content=\"en_US\" \/>\n<meta property=\"og:type\" content=\"article\" \/>\n<meta property=\"og:title\" content=\"\u00cfDKIDS celebrates 30 years of the UN Convention on the Rights of the Child - \u00cfDKIDS.COMMUNITY\" \/>\n<meta property=\"og:description\" content=\"Anim\u00e9 depuis plus de 20 ans par l\u2019engagement d\u2019agir pour que le monde progresse au service de l\u2019enfant qui grandit, le groupe \u00cfDKIDS c\u00e9l\u00e8bre avec ses marques le 30\u00e8me anniversaire de l\u2019adoption par l\u2019Assembl\u00e9e G\u00e9n\u00e9rale de l\u2019ONU (Organisation des Nations Unies) de la Convention internationale des droits de l\u2019enfant le 20 novembre 1989.\" \/>\n<meta property=\"og:url\" content=\"https:\/\/corporate.idkids.com\/en\/toute-la-communaute-idkids-celebre-les-30-ans-de-la-convention-internationale-des-droits-de-lenfant\/\" \/>\n<meta property=\"og:site_name\" content=\"\u00cfDKIDS.COMMUNITY\" \/>\n<meta property=\"article:published_time\" content=\"2019-10-02T16:05:16+00:00\" \/>\n<meta property=\"article:modified_time\" content=\"2019-12-04T14:43:44+00:00\" \/>\n<meta property=\"og:image\" content=\"https:\/\/corporate.idkids.com\/wp-content\/uploads\/2019\/10\/image-rough-JMDE2019.png\" \/>\n\t<meta property=\"og:image:width\" content=\"826\" \/>\n\t<meta property=\"og:image:height\" content=\"1060\" \/>\n\t<meta property=\"og:image:type\" content=\"image\/png\" \/>\n<meta name=\"author\" content=\"Isabelle Pollet\" \/>\n<meta name=\"twitter:card\" content=\"summary_large_image\" \/>\n<meta name=\"twitter:label1\" content=\"Written by\" \/>\n\t<meta name=\"twitter:data1\" content=\"Isabelle Pollet\" \/>\n\t<meta name=\"twitter:label2\" content=\"Est. reading time\" \/>\n\t<meta name=\"twitter:data2\" content=\"1 minute\" \/>\n<script type=\"application\/ld+json\" class=\"yoast-schema-graph\">{\"@context\":\"https:\/\/schema.org\",\"@graph\":[{\"@type\":\"WebPage\",\"@id\":\"https:\/\/corporate.idkids.com\/en\/toute-la-communaute-idkids-celebre-les-30-ans-de-la-convention-internationale-des-droits-de-lenfant\/\",\"url\":\"https:\/\/corporate.idkids.com\/en\/toute-la-communaute-idkids-celebre-les-30-ans-de-la-convention-internationale-des-droits-de-lenfant\/\",\"name\":\"\u00cfDKIDS celebrates 30 years of the UN Convention on the Rights of the Child - \u00cfDKIDS.COMMUNITY\",\"isPartOf\":{\"@id\":\"https:\/\/corporate.idkids.com\/#website\"},\"primaryImageOfPage\":{\"@id\":\"https:\/\/corporate.idkids.com\/en\/toute-la-communaute-idkids-celebre-les-30-ans-de-la-convention-internationale-des-droits-de-lenfant\/#primaryimage\"},\"image\":{\"@id\":\"https:\/\/corporate.idkids.com\/en\/toute-la-communaute-idkids-celebre-les-30-ans-de-la-convention-internationale-des-droits-de-lenfant\/#primaryimage\"},\"thumbnailUrl\":\"https:\/\/corporate.idkids.com\/wp-content\/uploads\/2019\/10\/image-rough-JMDE2019.png\",\"datePublished\":\"2019-10-02T16:05:16+00:00\",\"dateModified\":\"2019-12-04T14:43:44+00:00\",\"author\":{\"@id\":\"https:\/\/corporate.idkids.com\/#\/schema\/person\/c32699abcc5a1c1b8c7b8131a1471154\"},\"breadcrumb\":{\"@id\":\"https:\/\/corporate.idkids.com\/en\/toute-la-communaute-idkids-celebre-les-30-ans-de-la-convention-internationale-des-droits-de-lenfant\/#breadcrumb\"},\"inLanguage\":\"en-US\",\"potentialAction\":[{\"@type\":\"ReadAction\",\"target\":[\"https:\/\/corporate.idkids.com\/en\/toute-la-communaute-idkids-celebre-les-30-ans-de-la-convention-internationale-des-droits-de-lenfant\/\"]}]},{\"@type\":\"ImageObject\",\"inLanguage\":\"en-US\",\"@id\":\"https:\/\/corporate.idkids.com\/en\/toute-la-communaute-idkids-celebre-les-30-ans-de-la-convention-internationale-des-droits-de-lenfant\/#primaryimage\",\"url\":\"https:\/\/corporate.idkids.com\/wp-content\/uploads\/2019\/10\/image-rough-JMDE2019.png\",\"contentUrl\":\"https:\/\/corporate.idkids.com\/wp-content\/uploads\/2019\/10\/image-rough-JMDE2019.png\",\"width\":826,\"height\":1060},{\"@type\":\"BreadcrumbList\",\"@id\":\"https:\/\/corporate.idkids.com\/en\/toute-la-communaute-idkids-celebre-les-30-ans-de-la-convention-internationale-des-droits-de-lenfant\/#breadcrumb\",\"itemListElement\":[{\"@type\":\"ListItem\",\"position\":1,\"name\":\"Home\",\"item\":\"https:\/\/corporate.idkids.com\/en\/\"},{\"@type\":\"ListItem\",\"position\":2,\"name\":\"ACT FOR KIDS\",\"item\":\"https:\/\/corporate.idkids.com\/en\/category\/act-for-kids-en\/\"},{\"@type\":\"ListItem\",\"position\":3,\"name\":\"Social initiatives\",\"item\":\"https:\/\/corporate.idkids.com\/en\/category\/act-for-kids-en\/social-initiatives\/\"},{\"@type\":\"ListItem\",\"position\":4,\"name\":\"\u00cfDKIDS celebrates 30 years of the UN Convention on the Rights of the Child\"}]},{\"@type\":\"WebSite\",\"@id\":\"https:\/\/corporate.idkids.com\/#website\",\"url\":\"https:\/\/corporate.idkids.com\/\",\"name\":\"\u00cfDKIDS.COMMUNITY\",\"description\":\"Let's work to make a better world for growing children\",\"potentialAction\":[{\"@type\":\"SearchAction\",\"target\":{\"@type\":\"EntryPoint\",\"urlTemplate\":\"https:\/\/corporate.idkids.com\/?s={search_term_string}\"},\"query-input\":\"required name=search_term_string\"}],\"inLanguage\":\"en-US\"},{\"@type\":\"Person\",\"@id\":\"https:\/\/corporate.idkids.com\/#\/schema\/person\/c32699abcc5a1c1b8c7b8131a1471154\",\"name\":\"Isabelle Pollet\",\"image\":{\"@type\":\"ImageObject\",\"inLanguage\":\"en-US\",\"@id\":\"https:\/\/corporate.idkids.com\/#\/schema\/person\/image\/\",\"url\":\"https:\/\/secure.gravatar.com\/avatar\/e8c1b3cc6620645b5aa99d82def7894d?s=96&d=blank&r=g\",\"contentUrl\":\"https:\/\/secure.gravatar.com\/avatar\/e8c1b3cc6620645b5aa99d82def7894d?s=96&d=blank&r=g\",\"caption\":\"Isabelle Pollet\"},\"url\":\"https:\/\/corporate.idkids.com\/en\/author\/ipollet_idg\/\"}]}<\/script>\n<!-- \/ Yoast SEO plugin. -->","yoast_head_json":{"title":"\u00cfDKIDS celebrates 30 years of the UN Convention on the Rights of the Child - \u00cfDKIDS.COMMUNITY","robots":{"index":"index","follow":"follow","max-snippet":"max-snippet:-1","max-image-preview":"max-image-preview:large","max-video-preview":"max-video-preview:-1"},"canonical":"https:\/\/corporate.idkids.com\/en\/toute-la-communaute-idkids-celebre-les-30-ans-de-la-convention-internationale-des-droits-de-lenfant\/","og_locale":"en_US","og_type":"article","og_title":"\u00cfDKIDS celebrates 30 years of the UN Convention on the Rights of the Child - \u00cfDKIDS.COMMUNITY","og_description":"Anim\u00e9 depuis plus de 20 ans par l\u2019engagement d\u2019agir pour que le monde progresse au service de l\u2019enfant qui grandit, le groupe \u00cfDKIDS c\u00e9l\u00e8bre avec ses marques le 30\u00e8me anniversaire de l\u2019adoption par l\u2019Assembl\u00e9e G\u00e9n\u00e9rale de l\u2019ONU (Organisation des Nations Unies) de la Convention internationale des droits de l\u2019enfant le 20 novembre 1989.","og_url":"https:\/\/corporate.idkids.com\/en\/toute-la-communaute-idkids-celebre-les-30-ans-de-la-convention-internationale-des-droits-de-lenfant\/","og_site_name":"\u00cfDKIDS.COMMUNITY","article_published_time":"2019-10-02T16:05:16+00:00","article_modified_time":"2019-12-04T14:43:44+00:00","og_image":[{"width":826,"height":1060,"url":"https:\/\/corporate.idkids.com\/wp-content\/uploads\/2019\/10\/image-rough-JMDE2019.png","type":"image\/png"}],"author":"Isabelle Pollet","twitter_card":"summary_large_image","twitter_misc":{"Written by":"Isabelle Pollet","Est. reading time":"1 minute"},"schema":{"@context":"https:\/\/schema.org","@graph":[{"@type":"WebPage","@id":"https:\/\/corporate.idkids.com\/en\/toute-la-communaute-idkids-celebre-les-30-ans-de-la-convention-internationale-des-droits-de-lenfant\/","url":"https:\/\/corporate.idkids.com\/en\/toute-la-communaute-idkids-celebre-les-30-ans-de-la-convention-internationale-des-droits-de-lenfant\/","name":"\u00cfDKIDS celebrates 30 years of the UN Convention on the Rights of the Child - \u00cfDKIDS.COMMUNITY","isPartOf":{"@id":"https:\/\/corporate.idkids.com\/#website"},"primaryImageOfPage":{"@id":"https:\/\/corporate.idkids.com\/en\/toute-la-communaute-idkids-celebre-les-30-ans-de-la-convention-internationale-des-droits-de-lenfant\/#primaryimage"},"image":{"@id":"https:\/\/corporate.idkids.com\/en\/toute-la-communaute-idkids-celebre-les-30-ans-de-la-convention-internationale-des-droits-de-lenfant\/#primaryimage"},"thumbnailUrl":"https:\/\/corporate.idkids.com\/wp-content\/uploads\/2019\/10\/image-rough-JMDE2019.png","datePublished":"2019-10-02T16:05:16+00:00","dateModified":"2019-12-04T14:43:44+00:00","author":{"@id":"https:\/\/corporate.idkids.com\/#\/schema\/person\/c32699abcc5a1c1b8c7b8131a1471154"},"breadcrumb":{"@id":"https:\/\/corporate.idkids.com\/en\/toute-la-communaute-idkids-celebre-les-30-ans-de-la-convention-internationale-des-droits-de-lenfant\/#breadcrumb"},"inLanguage":"en-US","potentialAction":[{"@type":"ReadAction","target":["https:\/\/corporate.idkids.com\/en\/toute-la-communaute-idkids-celebre-les-30-ans-de-la-convention-internationale-des-droits-de-lenfant\/"]}]},{"@type":"ImageObject","inLanguage":"en-US","@id":"https:\/\/corporate.idkids.com\/en\/toute-la-communaute-idkids-celebre-les-30-ans-de-la-convention-internationale-des-droits-de-lenfant\/#primaryimage","url":"https:\/\/corporate.idkids.com\/wp-content\/uploads\/2019\/10\/image-rough-JMDE2019.png","contentUrl":"https:\/\/corporate.idkids.com\/wp-content\/uploads\/2019\/10\/image-rough-JMDE2019.png","width":826,"height":1060},{"@type":"BreadcrumbList","@id":"https:\/\/corporate.idkids.com\/en\/toute-la-communaute-idkids-celebre-les-30-ans-de-la-convention-internationale-des-droits-de-lenfant\/#breadcrumb","itemListElement":[{"@type":"ListItem","position":1,"name":"Home","item":"https:\/\/corporate.idkids.com\/en\/"},{"@type":"ListItem","position":2,"name":"ACT FOR KIDS","item":"https:\/\/corporate.idkids.com\/en\/category\/act-for-kids-en\/"},{"@type":"ListItem","position":3,"name":"Social initiatives","item":"https:\/\/corporate.idkids.com\/en\/category\/act-for-kids-en\/social-initiatives\/"},{"@type":"ListItem","position":4,"name":"\u00cfDKIDS celebrates 30 years of the UN Convention on the Rights of the Child"}]},{"@type":"WebSite","@id":"https:\/\/corporate.idkids.com\/#website","url":"https:\/\/corporate.idkids.com\/","name":"\u00cfDKIDS.COMMUNITY","description":"Let's work to make a better world for growing children","potentialAction":[{"@type":"SearchAction","target":{"@type":"EntryPoint","urlTemplate":"https:\/\/corporate.idkids.com\/?s={search_term_string}"},"query-input":"required name=search_term_string"}],"inLanguage":"en-US"},{"@type":"Person","@id":"https:\/\/corporate.idkids.com\/#\/schema\/person\/c32699abcc5a1c1b8c7b8131a1471154","name":"Isabelle Pollet","image":{"@type":"ImageObject","inLanguage":"en-US","@id":"https:\/\/corporate.idkids.com\/#\/schema\/person\/image\/","url":"https:\/\/secure.gravatar.com\/avatar\/e8c1b3cc6620645b5aa99d82def7894d?s=96&d=blank&r=g","contentUrl":"https:\/\/secure.gravatar.com\/avatar\/e8c1b3cc6620645b5aa99d82def7894d?s=96&d=blank&r=g","caption":"Isabelle Pollet"},"url":"https:\/\/corporate.idkids.com\/en\/author\/ipollet_idg\/"}]}},"_links":{"self":[{"href":"https:\/\/corporate.idkids.com\/en\/wp-json\/wp\/v2\/posts\/8622"}],"collection":[{"href":"https:\/\/corporate.idkids.com\/en\/wp-json\/wp\/v2\/posts"}],"about":[{"href":"https:\/\/corporate.idkids.com\/en\/wp-json\/wp\/v2\/types\/post"}],"author":[{"embeddable":true,"href":"https:\/\/corporate.idkids.com\/en\/wp-json\/wp\/v2\/users\/11"}],"replies":[{"embeddable":true,"href":"https:\/\/corporate.idkids.com\/en\/wp-json\/wp\/v2\/comments?post=8622"}],"version-history":[{"count":0,"href":"https:\/\/corporate.idkids.com\/en\/wp-json\/wp\/v2\/posts\/8622\/revisions"}],"wp:featuredmedia":[{"embeddable":true,"href":"https:\/\/corporate.idkids.com\/en\/wp-json\/wp\/v2\/media\/8145"}],"wp:attachment":[{"href":"https:\/\/corporate.idkids.com\/en\/wp-json\/wp\/v2\/media?parent=8622"}],"wp:term":[{"taxonomy":"category","embeddable":true,"href":"https:\/\/corporate.idkids.com\/en\/wp-json\/wp\/v2\/categories?post=8622"},{"taxonomy":"post_tag","embeddable":true,"href":"https:\/\/corporate.idkids.com\/en\/wp-json\/wp\/v2\/tags?post=8622"}],"curies":[{"name":"wp","href":"https:\/\/api.w.org\/{rel}","templated":true}]}}