{"id":4932,"date":"2018-09-14T16:27:34","date_gmt":"2018-09-14T14:27:34","guid":{"rendered":"https:\/\/corporate-idkids-com.azurewebsites.net\/?p=4932"},"modified":"2018-11-23T18:07:49","modified_gmt":"2018-11-23T17:07:49","slug":"how-the-idkids-community-brands-are-encouraging-children-to-develop-their-creativity","status":"publish","type":"post","link":"https:\/\/corporate.idkids.com\/en\/how-the-idkids-community-brands-are-encouraging-children-to-develop-their-creativity\/","title":{"rendered":"How the \u00cfDKIDS community brands are encouraging children to develop their creativity!"},"content":{"rendered":"<blockquote><p>From 9 to 11 February \u00cfDKIDS will join forces with Maker Faire Lille. The event is an opportunity for young and old alike to feed their curiosity, be inspired by the work of others and share ideas to bring them to fruition!<\/p><\/blockquote>\n<p>This event ties in nicely with \u00cfDKIDS\u2019 own values to put children in the driver&#8217;s seat, develop their talents, build their confidence and share ideas to bring them to fruition. The \u00cfDKIDS community brands will be there alongside the makers to share their expertise and run workshops for very young children.<\/p>\n<p><strong>Our brand managers are keen to be part of this exciting event and here they share their reasons why.<\/strong><\/p>\n<ul>\n<li>\n<h3><strong>Anne Pirot \u2013 <\/strong><a href=\"http:\/\/www.okaidi.fr\/\" target=\"_blank\" rel=\"noopener\"><strong>Oka\u00efdi<\/strong><\/a><strong>:<\/strong><\/h3>\n<\/li>\n<\/ul>\n<p>\u201cTaking positive action and releasing your energy and creativity as part of a responsible community: the Maker Faire values are perfectly in tune with Oka\u00efdi\u2019s mission to encourage every child to be self-motivated, happy and responsible. Oka\u00efdi is organizing an upcycling workshop to introduce children to environmental responsibility and give their too-small or worn-out jeans a new lease of life. They can also suggest a project that could change the world for the better \u2013 individually or with their class or family \u2013 via the Good World platform. We will help implement the most innovative projects to show them that together we can build a better world.\u201d<\/p>\n<ul>\n<li>\n<h3><strong>Catherine De Bleeker \u2013 <\/strong><a href=\"http:\/\/www.oxybul.com\/\" target=\"_blank\" rel=\"noopener\"><strong>Oxybul<\/strong><\/a>:<\/h3>\n<\/li>\n<\/ul>\n<p>\u201cAt Oxybul we work on the principle that play helps to awaken and develop children&#8217;s talents, improving their independence and self-esteem. The Maker Faire is a key event that promotes DIY culture, an important tool to help children uncover their potential and increase their confidence. We want to be by their side when it happens. These three exciting days will encourage very young children to be creative and teach them about the joy of making things for themselves.&#8221;<\/p>\n<ul>\n<li>\n<h3><strong>Loic Duchateau \u2013 <\/strong><a href=\"https:\/\/www.njoy.fr\/\" target=\"_blank\" rel=\"noopener\"><strong>N\u2019Joy<\/strong><\/a><strong>:<\/strong><\/h3>\n<\/li>\n<\/ul>\n<p>\u201cTen N\u2019Joy activity leaders will attend Maker Faire Lille. They\u2019ll be there to help visitors, particularly children, explore the different workshops and stands at the event. This fair was a natural choice for N\u2019Joy as it encourages children to use their imagination and creativity. It&#8217;s exactly what our day-to-day business is all about. N\u2019Joy promotes early learning, a team spirit and creativity in every child. When playing and experiencing new things, children develop, make discoveries and become aware of the knowledge and values that will support them as they grow. As Friday is especially for schoolchildren, we have another great opportunity to spur the youngest members of our community into action!\u201d <em>\u00a0<\/em><\/p>\n<p><a href=\"https:\/\/lille.makerfaire.com\/billetterie\/\" target=\"_blank\" rel=\"noopener\">Find out more about Maker Faire Lille<\/a><\/p>\n","protected":false},"excerpt":{"rendered":"<p>From 9 to 11 February \u00cfDKIDS will join forces with Maker Faire Lille. The event is an opportunity for young [&hellip;]<\/p>\n","protected":false},"author":11,"featured_media":4934,"comment_status":"open","ping_status":"open","sticky":false,"template":"","format":"standard","meta":{"_acf_changed":false,"footnotes":""},"categories":[167,168],"tags":[225,233,170,180],"acf":[],"yoast_head":"<!-- This site is optimized with the Yoast SEO plugin v22.8 - https:\/\/yoast.com\/wordpress\/plugins\/seo\/ -->\n<title>How the \u00cfDKIDS community brands are encouraging children to develop their creativity! - \u00cfDKIDS.COMMUNITY<\/title>\n<meta name=\"robots\" content=\"index, follow, max-snippet:-1, max-image-preview:large, max-video-preview:-1\" \/>\n<link rel=\"canonical\" href=\"https:\/\/corporate.idkids.com\/en\/how-the-idkids-community-brands-are-encouraging-children-to-develop-their-creativity\/\" \/>\n<meta property=\"og:locale\" content=\"en_US\" \/>\n<meta property=\"og:type\" content=\"article\" \/>\n<meta property=\"og:title\" content=\"How the \u00cfDKIDS community brands are encouraging children to develop their creativity! - \u00cfDKIDS.COMMUNITY\" \/>\n<meta property=\"og:description\" content=\"From 9 to 11 February \u00cfDKIDS will join forces with Maker Faire Lille. The event is an opportunity for young [&hellip;]\" \/>\n<meta property=\"og:url\" content=\"https:\/\/corporate.idkids.com\/en\/how-the-idkids-community-brands-are-encouraging-children-to-develop-their-creativity\/\" \/>\n<meta property=\"og:site_name\" content=\"\u00cfDKIDS.COMMUNITY\" \/>\n<meta property=\"article:published_time\" content=\"2018-09-14T14:27:34+00:00\" \/>\n<meta property=\"article:modified_time\" content=\"2018-11-23T17:07:49+00:00\" \/>\n<meta property=\"og:image\" content=\"https:\/\/corporate.idkids.com\/wp-content\/uploads\/2018\/01\/visuel-itw-maker.jpg\" \/>\n\t<meta property=\"og:image:width\" content=\"480\" \/>\n\t<meta property=\"og:image:height\" content=\"275\" \/>\n\t<meta property=\"og:image:type\" content=\"image\/jpeg\" \/>\n<meta name=\"author\" content=\"Isabelle Pollet\" \/>\n<meta name=\"twitter:card\" content=\"summary_large_image\" \/>\n<meta name=\"twitter:label1\" content=\"Written by\" \/>\n\t<meta name=\"twitter:data1\" content=\"Isabelle Pollet\" \/>\n\t<meta name=\"twitter:label2\" content=\"Est. reading time\" \/>\n\t<meta name=\"twitter:data2\" content=\"2 minutes\" \/>\n<script type=\"application\/ld+json\" class=\"yoast-schema-graph\">{\"@context\":\"https:\/\/schema.org\",\"@graph\":[{\"@type\":\"WebPage\",\"@id\":\"https:\/\/corporate.idkids.com\/en\/how-the-idkids-community-brands-are-encouraging-children-to-develop-their-creativity\/\",\"url\":\"https:\/\/corporate.idkids.com\/en\/how-the-idkids-community-brands-are-encouraging-children-to-develop-their-creativity\/\",\"name\":\"How the \u00cfDKIDS community brands are encouraging children to develop their creativity! - \u00cfDKIDS.COMMUNITY\",\"isPartOf\":{\"@id\":\"https:\/\/corporate.idkids.com\/#website\"},\"primaryImageOfPage\":{\"@id\":\"https:\/\/corporate.idkids.com\/en\/how-the-idkids-community-brands-are-encouraging-children-to-develop-their-creativity\/#primaryimage\"},\"image\":{\"@id\":\"https:\/\/corporate.idkids.com\/en\/how-the-idkids-community-brands-are-encouraging-children-to-develop-their-creativity\/#primaryimage\"},\"thumbnailUrl\":\"https:\/\/corporate.idkids.com\/wp-content\/uploads\/2018\/01\/visuel-itw-maker.jpg\",\"datePublished\":\"2018-09-14T14:27:34+00:00\",\"dateModified\":\"2018-11-23T17:07:49+00:00\",\"author\":{\"@id\":\"https:\/\/corporate.idkids.com\/#\/schema\/person\/c32699abcc5a1c1b8c7b8131a1471154\"},\"breadcrumb\":{\"@id\":\"https:\/\/corporate.idkids.com\/en\/how-the-idkids-community-brands-are-encouraging-children-to-develop-their-creativity\/#breadcrumb\"},\"inLanguage\":\"en-US\",\"potentialAction\":[{\"@type\":\"ReadAction\",\"target\":[\"https:\/\/corporate.idkids.com\/en\/how-the-idkids-community-brands-are-encouraging-children-to-develop-their-creativity\/\"]}]},{\"@type\":\"ImageObject\",\"inLanguage\":\"en-US\",\"@id\":\"https:\/\/corporate.idkids.com\/en\/how-the-idkids-community-brands-are-encouraging-children-to-develop-their-creativity\/#primaryimage\",\"url\":\"https:\/\/corporate.idkids.com\/wp-content\/uploads\/2018\/01\/visuel-itw-maker.jpg\",\"contentUrl\":\"https:\/\/corporate.idkids.com\/wp-content\/uploads\/2018\/01\/visuel-itw-maker.jpg\",\"width\":480,\"height\":275},{\"@type\":\"BreadcrumbList\",\"@id\":\"https:\/\/corporate.idkids.com\/en\/how-the-idkids-community-brands-are-encouraging-children-to-develop-their-creativity\/#breadcrumb\",\"itemListElement\":[{\"@type\":\"ListItem\",\"position\":1,\"name\":\"Home\",\"item\":\"https:\/\/corporate.idkids.com\/en\/\"},{\"@type\":\"ListItem\",\"position\":2,\"name\":\"ACT FOR KIDS\",\"item\":\"https:\/\/corporate.idkids.com\/en\/category\/act-for-kids-en\/\"},{\"@type\":\"ListItem\",\"position\":3,\"name\":\"Social initiatives\",\"item\":\"https:\/\/corporate.idkids.com\/en\/category\/act-for-kids-en\/social-initiatives\/\"},{\"@type\":\"ListItem\",\"position\":4,\"name\":\"How the \u00cfDKIDS community brands are encouraging children to develop their creativity!\"}]},{\"@type\":\"WebSite\",\"@id\":\"https:\/\/corporate.idkids.com\/#website\",\"url\":\"https:\/\/corporate.idkids.com\/\",\"name\":\"\u00cfDKIDS.COMMUNITY\",\"description\":\"Let's work to make a better world for growing children\",\"potentialAction\":[{\"@type\":\"SearchAction\",\"target\":{\"@type\":\"EntryPoint\",\"urlTemplate\":\"https:\/\/corporate.idkids.com\/?s={search_term_string}\"},\"query-input\":\"required name=search_term_string\"}],\"inLanguage\":\"en-US\"},{\"@type\":\"Person\",\"@id\":\"https:\/\/corporate.idkids.com\/#\/schema\/person\/c32699abcc5a1c1b8c7b8131a1471154\",\"name\":\"Isabelle Pollet\",\"image\":{\"@type\":\"ImageObject\",\"inLanguage\":\"en-US\",\"@id\":\"https:\/\/corporate.idkids.com\/#\/schema\/person\/image\/\",\"url\":\"https:\/\/secure.gravatar.com\/avatar\/e8c1b3cc6620645b5aa99d82def7894d?s=96&d=blank&r=g\",\"contentUrl\":\"https:\/\/secure.gravatar.com\/avatar\/e8c1b3cc6620645b5aa99d82def7894d?s=96&d=blank&r=g\",\"caption\":\"Isabelle Pollet\"},\"url\":\"https:\/\/corporate.idkids.com\/en\/author\/ipollet_idg\/\"}]}<\/script>\n<!-- \/ Yoast SEO plugin. -->","yoast_head_json":{"title":"How the \u00cfDKIDS community brands are encouraging children to develop their creativity! - \u00cfDKIDS.COMMUNITY","robots":{"index":"index","follow":"follow","max-snippet":"max-snippet:-1","max-image-preview":"max-image-preview:large","max-video-preview":"max-video-preview:-1"},"canonical":"https:\/\/corporate.idkids.com\/en\/how-the-idkids-community-brands-are-encouraging-children-to-develop-their-creativity\/","og_locale":"en_US","og_type":"article","og_title":"How the \u00cfDKIDS community brands are encouraging children to develop their creativity! - \u00cfDKIDS.COMMUNITY","og_description":"From 9 to 11 February \u00cfDKIDS will join forces with Maker Faire Lille. The event is an opportunity for young [&hellip;]","og_url":"https:\/\/corporate.idkids.com\/en\/how-the-idkids-community-brands-are-encouraging-children-to-develop-their-creativity\/","og_site_name":"\u00cfDKIDS.COMMUNITY","article_published_time":"2018-09-14T14:27:34+00:00","article_modified_time":"2018-11-23T17:07:49+00:00","og_image":[{"width":480,"height":275,"url":"https:\/\/corporate.idkids.com\/wp-content\/uploads\/2018\/01\/visuel-itw-maker.jpg","type":"image\/jpeg"}],"author":"Isabelle Pollet","twitter_card":"summary_large_image","twitter_misc":{"Written by":"Isabelle Pollet","Est. reading time":"2 minutes"},"schema":{"@context":"https:\/\/schema.org","@graph":[{"@type":"WebPage","@id":"https:\/\/corporate.idkids.com\/en\/how-the-idkids-community-brands-are-encouraging-children-to-develop-their-creativity\/","url":"https:\/\/corporate.idkids.com\/en\/how-the-idkids-community-brands-are-encouraging-children-to-develop-their-creativity\/","name":"How the \u00cfDKIDS community brands are encouraging children to develop their creativity! - \u00cfDKIDS.COMMUNITY","isPartOf":{"@id":"https:\/\/corporate.idkids.com\/#website"},"primaryImageOfPage":{"@id":"https:\/\/corporate.idkids.com\/en\/how-the-idkids-community-brands-are-encouraging-children-to-develop-their-creativity\/#primaryimage"},"image":{"@id":"https:\/\/corporate.idkids.com\/en\/how-the-idkids-community-brands-are-encouraging-children-to-develop-their-creativity\/#primaryimage"},"thumbnailUrl":"https:\/\/corporate.idkids.com\/wp-content\/uploads\/2018\/01\/visuel-itw-maker.jpg","datePublished":"2018-09-14T14:27:34+00:00","dateModified":"2018-11-23T17:07:49+00:00","author":{"@id":"https:\/\/corporate.idkids.com\/#\/schema\/person\/c32699abcc5a1c1b8c7b8131a1471154"},"breadcrumb":{"@id":"https:\/\/corporate.idkids.com\/en\/how-the-idkids-community-brands-are-encouraging-children-to-develop-their-creativity\/#breadcrumb"},"inLanguage":"en-US","potentialAction":[{"@type":"ReadAction","target":["https:\/\/corporate.idkids.com\/en\/how-the-idkids-community-brands-are-encouraging-children-to-develop-their-creativity\/"]}]},{"@type":"ImageObject","inLanguage":"en-US","@id":"https:\/\/corporate.idkids.com\/en\/how-the-idkids-community-brands-are-encouraging-children-to-develop-their-creativity\/#primaryimage","url":"https:\/\/corporate.idkids.com\/wp-content\/uploads\/2018\/01\/visuel-itw-maker.jpg","contentUrl":"https:\/\/corporate.idkids.com\/wp-content\/uploads\/2018\/01\/visuel-itw-maker.jpg","width":480,"height":275},{"@type":"BreadcrumbList","@id":"https:\/\/corporate.idkids.com\/en\/how-the-idkids-community-brands-are-encouraging-children-to-develop-their-creativity\/#breadcrumb","itemListElement":[{"@type":"ListItem","position":1,"name":"Home","item":"https:\/\/corporate.idkids.com\/en\/"},{"@type":"ListItem","position":2,"name":"ACT FOR KIDS","item":"https:\/\/corporate.idkids.com\/en\/category\/act-for-kids-en\/"},{"@type":"ListItem","position":3,"name":"Social initiatives","item":"https:\/\/corporate.idkids.com\/en\/category\/act-for-kids-en\/social-initiatives\/"},{"@type":"ListItem","position":4,"name":"How the \u00cfDKIDS community brands are encouraging children to develop their creativity!"}]},{"@type":"WebSite","@id":"https:\/\/corporate.idkids.com\/#website","url":"https:\/\/corporate.idkids.com\/","name":"\u00cfDKIDS.COMMUNITY","description":"Let's work to make a better world for growing children","potentialAction":[{"@type":"SearchAction","target":{"@type":"EntryPoint","urlTemplate":"https:\/\/corporate.idkids.com\/?s={search_term_string}"},"query-input":"required name=search_term_string"}],"inLanguage":"en-US"},{"@type":"Person","@id":"https:\/\/corporate.idkids.com\/#\/schema\/person\/c32699abcc5a1c1b8c7b8131a1471154","name":"Isabelle Pollet","image":{"@type":"ImageObject","inLanguage":"en-US","@id":"https:\/\/corporate.idkids.com\/#\/schema\/person\/image\/","url":"https:\/\/secure.gravatar.com\/avatar\/e8c1b3cc6620645b5aa99d82def7894d?s=96&d=blank&r=g","contentUrl":"https:\/\/secure.gravatar.com\/avatar\/e8c1b3cc6620645b5aa99d82def7894d?s=96&d=blank&r=g","caption":"Isabelle Pollet"},"url":"https:\/\/corporate.idkids.com\/en\/author\/ipollet_idg\/"}]}},"_links":{"self":[{"href":"https:\/\/corporate.idkids.com\/en\/wp-json\/wp\/v2\/posts\/4932"}],"collection":[{"href":"https:\/\/corporate.idkids.com\/en\/wp-json\/wp\/v2\/posts"}],"about":[{"href":"https:\/\/corporate.idkids.com\/en\/wp-json\/wp\/v2\/types\/post"}],"author":[{"embeddable":true,"href":"https:\/\/corporate.idkids.com\/en\/wp-json\/wp\/v2\/users\/11"}],"replies":[{"embeddable":true,"href":"https:\/\/corporate.idkids.com\/en\/wp-json\/wp\/v2\/comments?post=4932"}],"version-history":[{"count":0,"href":"https:\/\/corporate.idkids.com\/en\/wp-json\/wp\/v2\/posts\/4932\/revisions"}],"wp:featuredmedia":[{"embeddable":true,"href":"https:\/\/corporate.idkids.com\/en\/wp-json\/wp\/v2\/media\/4934"}],"wp:attachment":[{"href":"https:\/\/corporate.idkids.com\/en\/wp-json\/wp\/v2\/media?parent=4932"}],"wp:term":[{"taxonomy":"category","embeddable":true,"href":"https:\/\/corporate.idkids.com\/en\/wp-json\/wp\/v2\/categories?post=4932"},{"taxonomy":"post_tag","embeddable":true,"href":"https:\/\/corporate.idkids.com\/en\/wp-json\/wp\/v2\/tags?post=4932"}],"curies":[{"name":"wp","href":"https:\/\/api.w.org\/{rel}","templated":true}]}}